{"id":4156,"date":"2016-05-14T09:45:44","date_gmt":"2016-05-14T08:45:44","guid":{"rendered":"http:\/\/www.tikaraii.fr\/?p=4156"},"modified":"2018-07-16T08:10:04","modified_gmt":"2018-07-16T07:10:04","slug":"tarte-a-la-banane","status":"publish","type":"post","link":"https:\/\/www.tikaraii.fr\/de\/tarte-a-la-banane\/","title":{"rendered":"Bananenkuchen"},"content":{"rendered":"<p><strong>Zubereitungszeit: 45 Minuten<\/strong><\/p>\n<p><strong>Schwierigkeitsgrad: mittel<\/strong><\/p>\n<p><strong>13 kleine Torten<\/strong><\/p>\n<p><strong>Zutaten f\u00fcr den Teig:<\/strong><\/p>\n<p>- 400g Mehrzweckmehl (T55)<br \/>\n- 200g Butter in Dee geschnitten<br \/>\n- 1 Prise Salz<br \/>\n- 120g Puderzucker<br \/>\n- 2 Eigelb<\/p>\n<p><strong>Zutaten f\u00fcr Bananenkompott:<\/strong><\/p>\n<p>- 4 reife Bananen (gesch\u00e4lt, d\u00fcnn geschnitten)<br \/>\n- 2 Essl\u00f6ffel gesalzene Butter<br \/>\n- \u00bd Teel\u00f6ffel Vanille-Essenz<br \/>\n- 100g Zucker<\/p>\n<p><strong>Zubereitung des Teiges:<\/strong><\/p>\n<p>Mehl, Salz und Puderzucker in eine Sch\u00fcssel sieben.<\/p>\n<p>Butter und Eigelb dazugeben.<\/p>\n<p>Schnell mit einem Metalll\u00f6ffel vermischen, um den Teig aufzufangen.<\/p>\n<p>Beenden Sie die Sammlung mit Ihren H\u00e4nden.<\/p>\n<p>Eine Kugel machen und 30 Minuten im K\u00fchlschrank ruhen lassen.<\/p>\n<p><img decoding=\"async\" loading=\"lazy\" class=\" wp-image-4169\" src=\"http:\/\/www.tikaraii.fr\/wp-content\/uploads\/2016\/05\/pate-sabl\u00e9e.jpg\" alt=\"pate sabl\u00e9e\" width=\"524\" height=\"463\" srcset=\"https:\/\/www.tikaraii.fr\/wp-content\/uploads\/2016\/05\/pate-sabl\u00e9e.jpg 311w, https:\/\/www.tikaraii.fr\/wp-content\/uploads\/2016\/05\/pate-sabl\u00e9e-300x265.jpg 300w\" sizes=\"(max-width: 524px) 100vw, 524px\" \/><\/p>\n<p><strong>Zubereitung f\u00fcr Bananenkompott:<\/strong><\/p>\n<p>Die Butter in einem Topf erhitzen.<\/p>\n<p>Bananenst\u00fccke, Zucker und Vanilleextrakt einf\u00fcllen.<\/p>\n<p><img decoding=\"async\" loading=\"lazy\" class=\" wp-image-4161\" src=\"http:\/\/www.tikaraii.fr\/wp-content\/uploads\/2016\/05\/debut-banane-frire.jpg\" alt=\"debut banane frire\" width=\"529\" height=\"352\" srcset=\"https:\/\/www.tikaraii.fr\/wp-content\/uploads\/2016\/05\/debut-banane-frire.jpg 752w, https:\/\/www.tikaraii.fr\/wp-content\/uploads\/2016\/05\/debut-banane-frire-300x199.jpg 300w\" sizes=\"(max-width: 529px) 100vw, 529px\" \/><br \/>\nBei schwacher Hitze einige Minuten kochen, bis es zu einem Kompott wird.<\/p>\n<p><img decoding=\"async\" loading=\"lazy\" class=\" wp-image-4158\" src=\"http:\/\/www.tikaraii.fr\/wp-content\/uploads\/2016\/05\/banane-frire.jpg\" alt=\"banane frire\" width=\"538\" height=\"412\" srcset=\"https:\/\/www.tikaraii.fr\/wp-content\/uploads\/2016\/05\/banane-frire.jpg 653w, https:\/\/www.tikaraii.fr\/wp-content\/uploads\/2016\/05\/banane-frire-300x230.jpg 300w\" sizes=\"(max-width: 538px) 100vw, 538px\" \/><br \/>\nVom Herd nehmen und abk\u00fchlen lassen.<\/p>\n<p><strong>Letzte Vorbereitung:<\/strong><\/p>\n<p>Den Ofen auf 220\u00b0 vorheizen.<\/p>\n<p>Kleine Kuchenformen einfetten.<\/p>\n<p>Den Teig in 13 St\u00fccke schneiden und 2\/3 einzeln in einem kleinen Kreis verteilen.<br \/>\nIn den Formen angeordnet.<\/p>\n<p>2 Essl\u00f6ffel Kompott in die Pfanne geben.<\/p>\n<p><img decoding=\"async\" loading=\"lazy\" class=\" wp-image-4162\" src=\"http:\/\/www.tikaraii.fr\/wp-content\/uploads\/2016\/05\/finale-tarte-banane.jpg\" alt=\"finale tarte banane\" width=\"538\" height=\"352\" srcset=\"https:\/\/www.tikaraii.fr\/wp-content\/uploads\/2016\/05\/finale-tarte-banane.jpg 645w, https:\/\/www.tikaraii.fr\/wp-content\/uploads\/2016\/05\/finale-tarte-banane-300x196.jpg 300w\" sizes=\"(max-width: 538px) 100vw, 538px\" \/><br \/>\nMit dem Rest des Teiges kleine St\u00e4bchen machen und die Oberseite des Kuchens mattieren.<\/p>\n<p>10 bis 15 Minuten backen.<\/p>\n<p>Vor dem Servieren abk\u00fchlen lassen.<\/p>\n<h2><strong>Bananenkuchen| Mauritische K\u00fcche<\/strong><\/h2>\n<a href=\"https:\/\/www.tikaraii.fr\/de\/tarte-a-la-banane\/print\/\" title=\"Imprimer la recette\" rel=\"nofollow\"><img class=\"WP-PrintIcon\" src=\"https:\/\/www.tikaraii.fr\/wp-content\/plugins\/wp-print\/images\/printer_famfamfam.gif\" alt=\"Imprimer la recette\" title=\"Imprimer la recette\" style=\"border: 0px;\" \/><\/a>&nbsp;<a href=\"https:\/\/www.tikaraii.fr\/de\/tarte-a-la-banane\/print\/\" title=\"Imprimer la recette\" rel=\"nofollow\">Imprimer la recette<\/a>\n","protected":false},"excerpt":{"rendered":"Zubereitungszeit: 45 Minuten Schwierigkeitsgrad: mittel 13 kleine Torten Zutaten f\u00fcr den Teig: - 400g Mehrzweckmehl (T55) - 200g Butter in Dee geschnitten - 1 Prise Salz - 120g Puderzucker - 2 Eigelb Zutaten f\u00fcr Bananenkompott: - 4 reife Bananen (gesch\u00e4lt, d\u00fcnn geschnitten) - 2 Essl\u00f6ffel gesalzene Butter - \u00bd Teel\u00f6ffel Vanille-Essenz - 100g Zucker Zubereitung des Teiges: Mehl, Salz und&nbsp;<a href=\"https:\/\/www.tikaraii.fr\/de\/tarte-a-la-banane\/\" class=\"read-more\">Weiter lesen<\/a>","protected":false},"author":2,"featured_media":4172,"comment_status":"open","ping_status":"open","sticky":false,"template":"","format":"standard","meta":{"_mi_skip_tracking":false},"categories":[53,660,57],"tags":[912,911,913,910,914,909],"translation":{"provider":"WPGlobus","version":"3.0.0","language":"de","enabled_languages":["fr","en","de"],"languages":{"fr":{"title":true,"content":true,"excerpt":false},"en":{"title":true,"content":true,"excerpt":false},"de":{"title":true,"content":true,"excerpt":false}}},"yoast_head":"<!-- This site is optimized with the Yoast SEO plugin v18.5.1 - https:\/\/yoast.com\/wordpress\/plugins\/seo\/ -->\n<title>Bananenkuchen - Ti Karaii<\/title>\n<meta name=\"robots\" content=\"index, follow, max-snippet:-1, max-image-preview:large, max-video-preview:-1\" \/>\n<link rel=\"canonical\" href=\"http:\/\/www.tikaraii.fr\/en\/tarte-a-la-banane\/\" \/>\n<meta property=\"og:locale\" content=\"de_DE\" \/>\n<meta property=\"og:type\" content=\"article\" \/>\n<meta property=\"og:title\" content=\"Tarte a la banane\" \/>\n<meta property=\"og:description\" content=\"Tarte a la banane, recette typique de l\u2019\u00eele Maurice.\" \/>\n<meta property=\"og:url\" content=\"http:\/\/www.tikaraii.fr\/en\/tarte-a-la-banane\/\" \/>\n<meta property=\"og:site_name\" content=\"Ti Karaii\" \/>\n<meta property=\"article:published_time\" content=\"2016-05-14T08:45:44+00:00\" \/>\n<meta property=\"article:modified_time\" content=\"2018-07-16T07:10:04+00:00\" \/>\n<meta name=\"twitter:card\" content=\"summary\" \/>\n<meta name=\"twitter:image\" content=\"https:\/\/www.tikaraii.fr\/wp-content\/uploads\/2016\/05\/tarte-banane.jpg\" \/>\n<meta name=\"twitter:label1\" content=\"Verfasst von\" \/>\n\t<meta name=\"twitter:data1\" content=\"TiKaraii\" \/>\n\t<meta name=\"twitter:label2\" content=\"Gesch\u00e4tzte Lesezeit\" \/>\n\t<meta name=\"twitter:data2\" content=\"3\u00a0Minuten\" \/>\n<script type=\"application\/ld+json\" class=\"yoast-schema-graph\">{\"@context\":\"https:\/\/schema.org\",\"@graph\":[{\"@type\":\"Organization\",\"@id\":\"http:\/\/www.tikaraii.fr\/#organization\",\"name\":\"Ti' Karaii\",\"url\":\"http:\/\/www.tikaraii.fr\/\",\"sameAs\":[],\"logo\":{\"@type\":\"ImageObject\",\"@id\":\"http:\/\/www.tikaraii.fr\/#logo\",\"inLanguage\":\"de\",\"url\":\"https:\/\/www.tikaraii.fr\/wp-content\/uploads\/2015\/06\/logo_ti_karaii1.png\",\"contentUrl\":\"https:\/\/www.tikaraii.fr\/wp-content\/uploads\/2015\/06\/logo_ti_karaii1.png\",\"width\":265,\"height\":88,\"caption\":\"Ti' Karaii\"},\"image\":{\"@id\":\"http:\/\/www.tikaraii.fr\/#logo\"}},{\"@type\":\"WebSite\",\"@id\":\"http:\/\/www.tikaraii.fr\/#website\",\"url\":\"http:\/\/www.tikaraii.fr\/\",\"name\":\"Ti Karaii\",\"description\":\"La bonne recette mauricienne\",\"publisher\":{\"@id\":\"http:\/\/www.tikaraii.fr\/#organization\"},\"potentialAction\":[{\"@type\":\"SearchAction\",\"target\":{\"@type\":\"EntryPoint\",\"urlTemplate\":\"http:\/\/www.tikaraii.fr\/?s={search_term_string}\"},\"query-input\":\"required name=search_term_string\"}],\"inLanguage\":\"de\"},{\"@type\":\"ImageObject\",\"@id\":\"http:\/\/www.tikaraii.fr\/en\/tarte-a-la-banane\/#primaryimage\",\"inLanguage\":\"de\",\"url\":\"\",\"contentUrl\":\"\"},{\"@type\":\"WebPage\",\"@id\":\"http:\/\/www.tikaraii.fr\/en\/tarte-a-la-banane\/#webpage\",\"url\":\"http:\/\/www.tikaraii.fr\/en\/tarte-a-la-banane\/\",\"name\":\"Bananenkuchen - Ti Karaii\",\"isPartOf\":{\"@id\":\"http:\/\/www.tikaraii.fr\/#website\"},\"primaryImageOfPage\":{\"@id\":\"http:\/\/www.tikaraii.fr\/en\/tarte-a-la-banane\/#primaryimage\"},\"datePublished\":\"2016-05-14T08:45:44+00:00\",\"dateModified\":\"2018-07-16T07:10:04+00:00\",\"description\":\"La tarte \u00e0 la banane est une recette typique de l\u2019\u00eele Maurice et connu dans l'oc\u00e9an indien (\u00e0 la R\u00e9union et \u00e0 Rodrigues par exemple).\",\"breadcrumb\":{\"@id\":\"http:\/\/www.tikaraii.fr\/en\/tarte-a-la-banane\/#breadcrumb\"},\"inLanguage\":\"de\",\"potentialAction\":[{\"@type\":\"ReadAction\",\"target\":[\"http:\/\/www.tikaraii.fr\/en\/tarte-a-la-banane\/\"]}]},{\"@type\":\"BreadcrumbList\",\"@id\":\"http:\/\/www.tikaraii.fr\/en\/tarte-a-la-banane\/#breadcrumb\",\"itemListElement\":[{\"@type\":\"ListItem\",\"position\":1,\"name\":\"Accueil\",\"item\":\"http:\/\/www.tikaraii.fr\/\"},{\"@type\":\"ListItem\",\"position\":2,\"name\":\"Banana Pie\"}]},{\"@type\":\"Article\",\"@id\":\"http:\/\/www.tikaraii.fr\/en\/tarte-a-la-banane\/#article\",\"isPartOf\":{\"@id\":\"http:\/\/www.tikaraii.fr\/en\/tarte-a-la-banane\/#webpage\"},\"author\":{\"@id\":\"http:\/\/www.tikaraii.fr\/#\/schema\/person\/6f0d22d63f93c93d05f1271f800b8dcc\"},\"headline\":\"Bananenkuchen\",\"datePublished\":\"2016-05-14T08:45:44+00:00\",\"dateModified\":\"2018-07-16T07:10:04+00:00\",\"mainEntityOfPage\":{\"@id\":\"http:\/\/www.tikaraii.fr\/en\/tarte-a-la-banane\/#webpage\"},\"wordCount\":658,\"commentCount\":0,\"publisher\":{\"@id\":\"http:\/\/www.tikaraii.fr\/#organization\"},\"image\":{\"@id\":\"http:\/\/www.tikaraii.fr\/en\/tarte-a-la-banane\/#primaryimage\"},\"thumbnailUrl\":\"https:\/\/www.tikaraii.fr\/wp-content\/uploads\/2016\/05\/tarte-banane.jpg\",\"keywords\":[\"p\u00e2te\",\"pate sabler\",\"sabl\u00e9\",\"tarte\",\"tarte a la banane\",\"tarte banane\"],\"articleSection\":[\"Desserts\",\"P\u00e2tisseries\",\"Tous\"],\"inLanguage\":\"de\",\"potentialAction\":[{\"@type\":\"CommentAction\",\"name\":\"Comment\",\"target\":[\"http:\/\/www.tikaraii.fr\/en\/tarte-a-la-banane\/#respond\"]}]},{\"@type\":\"Person\",\"@id\":\"http:\/\/www.tikaraii.fr\/#\/schema\/person\/6f0d22d63f93c93d05f1271f800b8dcc\",\"name\":\"TiKaraii\",\"image\":{\"@type\":\"ImageObject\",\"@id\":\"http:\/\/www.tikaraii.fr\/#personlogo\",\"inLanguage\":\"de\",\"url\":\"https:\/\/secure.gravatar.com\/avatar\/d25f43c5d38a248859d7759d92e446b1?s=96&d=mm&r=g\",\"contentUrl\":\"https:\/\/secure.gravatar.com\/avatar\/d25f43c5d38a248859d7759d92e446b1?s=96&d=mm&r=g\",\"caption\":\"TiKaraii\"},\"url\":\"https:\/\/www.tikaraii.fr\/de\/author\/tikaraii\/\"}]}<\/script>\n<!-- \/ Yoast SEO plugin. -->","yoast_head_json":{"title":"Bananenkuchen - Ti Karaii","robots":{"index":"index","follow":"follow","max-snippet":"max-snippet:-1","max-image-preview":"max-image-preview:large","max-video-preview":"max-video-preview:-1"},"canonical":"http:\/\/www.tikaraii.fr\/en\/tarte-a-la-banane\/","og_locale":"de_DE","og_type":"article","og_title":"Tarte a la banane","og_description":"Tarte a la banane, recette typique de l\u2019\u00eele Maurice.","og_url":"http:\/\/www.tikaraii.fr\/en\/tarte-a-la-banane\/","og_site_name":"Ti Karaii","article_published_time":"2016-05-14T08:45:44+00:00","article_modified_time":"2018-07-16T07:10:04+00:00","twitter_card":"summary","twitter_image":"https:\/\/www.tikaraii.fr\/wp-content\/uploads\/2016\/05\/tarte-banane.jpg","twitter_misc":{"Verfasst von":"TiKaraii","Gesch\u00e4tzte Lesezeit":"3\u00a0Minuten"},"schema":{"@context":"https:\/\/schema.org","@graph":[{"@type":"Organization","@id":"http:\/\/www.tikaraii.fr\/#organization","name":"Ti' Karaii","url":"http:\/\/www.tikaraii.fr\/","sameAs":[],"logo":{"@type":"ImageObject","@id":"http:\/\/www.tikaraii.fr\/#logo","inLanguage":"de","url":"https:\/\/www.tikaraii.fr\/wp-content\/uploads\/2015\/06\/logo_ti_karaii1.png","contentUrl":"https:\/\/www.tikaraii.fr\/wp-content\/uploads\/2015\/06\/logo_ti_karaii1.png","width":265,"height":88,"caption":"Ti' Karaii"},"image":{"@id":"http:\/\/www.tikaraii.fr\/#logo"}},{"@type":"WebSite","@id":"http:\/\/www.tikaraii.fr\/#website","url":"http:\/\/www.tikaraii.fr\/","name":"Ti Karaii","description":"La bonne recette mauricienne","publisher":{"@id":"http:\/\/www.tikaraii.fr\/#organization"},"potentialAction":[{"@type":"SearchAction","target":{"@type":"EntryPoint","urlTemplate":"http:\/\/www.tikaraii.fr\/?s={search_term_string}"},"query-input":"required name=search_term_string"}],"inLanguage":"de"},{"@type":"ImageObject","@id":"http:\/\/www.tikaraii.fr\/en\/tarte-a-la-banane\/#primaryimage","inLanguage":"de","url":"","contentUrl":""},{"@type":"WebPage","@id":"http:\/\/www.tikaraii.fr\/en\/tarte-a-la-banane\/#webpage","url":"http:\/\/www.tikaraii.fr\/en\/tarte-a-la-banane\/","name":"Bananenkuchen - Ti Karaii","isPartOf":{"@id":"http:\/\/www.tikaraii.fr\/#website"},"primaryImageOfPage":{"@id":"http:\/\/www.tikaraii.fr\/en\/tarte-a-la-banane\/#primaryimage"},"datePublished":"2016-05-14T08:45:44+00:00","dateModified":"2018-07-16T07:10:04+00:00","description":"La tarte \u00e0 la banane est une recette typique de l\u2019\u00eele Maurice et connu dans l'oc\u00e9an indien (\u00e0 la R\u00e9union et \u00e0 Rodrigues par exemple).","breadcrumb":{"@id":"http:\/\/www.tikaraii.fr\/en\/tarte-a-la-banane\/#breadcrumb"},"inLanguage":"de","potentialAction":[{"@type":"ReadAction","target":["http:\/\/www.tikaraii.fr\/en\/tarte-a-la-banane\/"]}]},{"@type":"BreadcrumbList","@id":"http:\/\/www.tikaraii.fr\/en\/tarte-a-la-banane\/#breadcrumb","itemListElement":[{"@type":"ListItem","position":1,"name":"Accueil","item":"http:\/\/www.tikaraii.fr\/"},{"@type":"ListItem","position":2,"name":"Banana Pie"}]},{"@type":"Article","@id":"http:\/\/www.tikaraii.fr\/en\/tarte-a-la-banane\/#article","isPartOf":{"@id":"http:\/\/www.tikaraii.fr\/en\/tarte-a-la-banane\/#webpage"},"author":{"@id":"http:\/\/www.tikaraii.fr\/#\/schema\/person\/6f0d22d63f93c93d05f1271f800b8dcc"},"headline":"Bananenkuchen","datePublished":"2016-05-14T08:45:44+00:00","dateModified":"2018-07-16T07:10:04+00:00","mainEntityOfPage":{"@id":"http:\/\/www.tikaraii.fr\/en\/tarte-a-la-banane\/#webpage"},"wordCount":658,"commentCount":0,"publisher":{"@id":"http:\/\/www.tikaraii.fr\/#organization"},"image":{"@id":"http:\/\/www.tikaraii.fr\/en\/tarte-a-la-banane\/#primaryimage"},"thumbnailUrl":"https:\/\/www.tikaraii.fr\/wp-content\/uploads\/2016\/05\/tarte-banane.jpg","keywords":["p\u00e2te","pate sabler","sabl\u00e9","tarte","tarte a la banane","tarte banane"],"articleSection":["Desserts","P\u00e2tisseries","Tous"],"inLanguage":"de","potentialAction":[{"@type":"CommentAction","name":"Comment","target":["http:\/\/www.tikaraii.fr\/en\/tarte-a-la-banane\/#respond"]}]},{"@type":"Person","@id":"http:\/\/www.tikaraii.fr\/#\/schema\/person\/6f0d22d63f93c93d05f1271f800b8dcc","name":"TiKaraii","image":{"@type":"ImageObject","@id":"http:\/\/www.tikaraii.fr\/#personlogo","inLanguage":"de","url":"https:\/\/secure.gravatar.com\/avatar\/d25f43c5d38a248859d7759d92e446b1?s=96&d=mm&r=g","contentUrl":"https:\/\/secure.gravatar.com\/avatar\/d25f43c5d38a248859d7759d92e446b1?s=96&d=mm&r=g","caption":"TiKaraii"},"url":"https:\/\/www.tikaraii.fr\/de\/author\/tikaraii\/"}]}},"_links":{"self":[{"href":"https:\/\/www.tikaraii.fr\/de\/wp-json\/wp\/v2\/posts\/4156"}],"collection":[{"href":"https:\/\/www.tikaraii.fr\/de\/wp-json\/wp\/v2\/posts"}],"about":[{"href":"https:\/\/www.tikaraii.fr\/de\/wp-json\/wp\/v2\/types\/post"}],"author":[{"embeddable":true,"href":"https:\/\/www.tikaraii.fr\/de\/wp-json\/wp\/v2\/users\/2"}],"replies":[{"embeddable":true,"href":"https:\/\/www.tikaraii.fr\/de\/wp-json\/wp\/v2\/comments?post=4156"}],"version-history":[{"count":16,"href":"https:\/\/www.tikaraii.fr\/de\/wp-json\/wp\/v2\/posts\/4156\/revisions"}],"predecessor-version":[{"id":4962,"href":"https:\/\/www.tikaraii.fr\/de\/wp-json\/wp\/v2\/posts\/4156\/revisions\/4962"}],"wp:featuredmedia":[{"embeddable":true,"href":"https:\/\/www.tikaraii.fr\/de\/wp-json\/wp\/v2\/media\/4172"}],"wp:attachment":[{"href":"https:\/\/www.tikaraii.fr\/de\/wp-json\/wp\/v2\/media?parent=4156"}],"wp:term":[{"taxonomy":"category","embeddable":true,"href":"https:\/\/www.tikaraii.fr\/de\/wp-json\/wp\/v2\/categories?post=4156"},{"taxonomy":"post_tag","embeddable":true,"href":"https:\/\/www.tikaraii.fr\/de\/wp-json\/wp\/v2\/tags?post=4156"}],"curies":[{"name":"wp","href":"https:\/\/api.w.org\/{rel}","templated":true}]}}